{"id":2020,"date":"2010-08-22T20:46:53","date_gmt":"2010-08-22T18:46:53","guid":{"rendered":"http:\/\/www.tv-constantia.ch\/?p=2020"},"modified":"2013-10-15T21:55:38","modified_gmt":"2013-10-15T19:55:38","slug":"waldlauf-2010","status":"publish","type":"post","link":"https:\/\/www.tv-constantia.ch\/?p=2020","title":{"rendered":"Waldlauf 2010"},"content":{"rendered":"<h3>Eine dicke \u00dcberraschung&#8230;<\/h3>\n<p>Die erste dicke \u00dcberraschung war, dass der Sommer sich nochmals zuru\u0308ckmeldete. Keine Sekunde musste verschwendet werden, um an der Durchfu\u0308hrung zu zweifeln, oder doch&#8230; denn die zweite dicke \u00dcberraschung war, dass sich nur DREI Jugis in Begleitung zweier V\u00e4ter an der Heuwaage trafen, um mit Tram und zu Fuss zum Hofstetterch\u00f6pfli zu gelangen. Wo nur war der ganze Rest?!? So nehmen die \u201ewahren\u201c Waldl\u00e4ufer dennoch frohen Mutes den Weg zum Hofstetterch\u00f6pfli mit dem BLTTram, per pedes und mit etwas verschlafenen Gesichtern in Angriff. Nach dem knapp 30 minu\u0308tigen Spaziergang u\u0308ber Stock und Stein kommen wir zur Feuerstelle und&#8230; au Backe \u2013 wo ist Walti und die Wiese geblieben? Die ganz dicke \u00dcberraschung zeigt sich uns in einer grossen Baustelle. Die Wiese ist nicht mehr und die Gemeinde ist daran ein ambitioniertes Vorhaben fu\u0308r den Fussballclub<br \/>\numzusetzen. Ein neuer Sportplatz wird aus dem Boden gestampft mit einem Fussball-Grossfeld und einem Kunstrasenfeld. \u00dcberrascht, aber nicht ohne die n\u00f6tige Gelassenheit, nehmen wir dies zur Kenntnis und machen unser Bestes daraus. Eine Grillstelle ist schnell gefunden und auch das Rennen kann ohne gr\u00f6ssere Verz\u00f6gerung durchgefu\u0308hrt werden. Einige Aktive treffen noch ein und sind ebenso u\u0308berrascht wie auch entt\u00e4uscht, dass unser beliebtes Fussballspiel am Nachmittag wegen der Grossbaustelle in diesem Jahr sicherlich nicht ausgetragen werden kann. Gemeinsam wird noch etwas Holz geholt und dann um 11Uhr, nach einer lockeren Einlaufrunde, starten alle gemeinsam zum Waldlauf 2010. Und welch \u00dcberraschung bei den Aktiven. Walti stu\u0308rmt als erster u\u0308ber die Ziellinie und verblu\u0308fft alle. Er gewinnt knapp vor Seriensieger Kevin Erni&#8230; oder k\u00f6nnte es sein, dass Kevin fu\u0308r einmal nicht alles gegeben hat?! Bei den Ju\u0308ngeren gewinnen Giulia (wie im Vorjahr) und Claudio (im letzen Jahr 2. Rang) \u2013 herzliche Gratulation! Kaum etwas verschnauft und ein wenig erholt vom anstrengenden kurzen Lauf, folgt in ganz beliebiger Reihenfolge: Essen, Trinken, Faulenzen, Spielen und vor allem: Geniessen! Auf dem Nachmittagsprogramm steht dann in erster Linie zur \u00dcberraschung aller das Begru\u0308ssen der \u201eEtwas-Versp\u00e4tet-Kommer\u201c und natu\u0308rlich Golfabschlag, Speedminton und American Football. Nicht zu vergessen sind natu\u0308rlich noch Brownies schnabulieren (herzlichen Dank Ursina), Faulenzen, D\u00f6mele \u00e4rgern und einen der wenigen Schattenpl\u00e4tze erk\u00e4mpfen. Etwas fru\u0308her als gewohnt folgt die Rangverku\u0308ndigung. Die Siegerfotos werden noch geschossen und dann ist der Waldlauf 2010 auch schon vorbei. Alle packen ihre sieben Sachen ein und verlassen mit der Hoffnung, dass im n\u00e4chsten Jahr alles anders wird das Hofstetterch\u00f6pfli. Zu guter Letzt noch dies: Diejenigen vom TVC, die diesen tollen Sonntag verpasst haben und nur daru\u0308ber lesen k\u00f6nnen &#8211; kommt doch das n\u00e4chste Jahr mit, damit dieser TVC-Anlass wieder ein wahrer und TVC-Grossanlass wird!<\/p>\n<h4><\/h4>\n<h4>Resultate Waldlauf 2010 (10 Tln.)<\/h4>\n<p><strong>Jugendriege<\/strong><br \/>\n<strong>Maitli (2:53) Buebe (3:02)<\/strong><br \/>\n1. Giulia Vonmoos 1. Claudio Vonmoos<br \/>\n2. Valentin Gloor<br \/>\n<strong>Aktive (2:39)<\/strong><br \/>\n1. Walter Weber<br \/>\n2. Kevin Erni<br \/>\n3. Tobi Erni<br \/>\n4. Dominik Weber<br \/>\n5. Pascal Happle<br \/>\n6. Guido Happle<br \/>\n7. Andreas Gloor<\/p>\n","protected":false},"excerpt":{"rendered":"<p>Eine dicke \u00dcberraschung&#8230; Die erste dicke \u00dcberraschung war, dass der Sommer sich nochmals zuru\u0308ckmeldete. Keine Sekunde musste verschwendet werden, um an der Durchfu\u0308hrung zu zweifeln, oder doch&#8230; denn die zweite dicke \u00dcberraschung war, dass sich nur DREI Jugis in Begleitung zweier V\u00e4ter an der Heuwaage trafen, um mit Tram und zu Fuss zum Hofstetterch\u00f6pfli zu gelangen. Wo nur war der ganze Rest?!? So nehmen die \u201ewahren\u201c Waldl\u00e4ufer dennoch frohen Mutes den Weg zum Hofstetterch\u00f6pfli mit dem BLTTram, per pedes und mit etwas verschlafenen Gesichtern in Angriff. Nach dem knapp 30 minu\u0308tigen Spaziergang u\u0308ber Stock und Stein kommen wir zur Feuerstelle&#8230;<\/p>\n","protected":false},"author":9845,"featured_media":0,"comment_status":"open","ping_status":"closed","sticky":false,"template":"","format":"standard","meta":{"footnotes":""},"categories":[49],"tags":[],"class_list":["post-2020","post","type-post","status-publish","format-standard","hentry","category-berichte"],"_links":{"self":[{"href":"https:\/\/www.tv-constantia.ch\/index.php?rest_route=\/wp\/v2\/posts\/2020","targetHints":{"allow":["GET"]}}],"collection":[{"href":"https:\/\/www.tv-constantia.ch\/index.php?rest_route=\/wp\/v2\/posts"}],"about":[{"href":"https:\/\/www.tv-constantia.ch\/index.php?rest_route=\/wp\/v2\/types\/post"}],"author":[{"embeddable":true,"href":"https:\/\/www.tv-constantia.ch\/index.php?rest_route=\/wp\/v2\/users\/9845"}],"replies":[{"embeddable":true,"href":"https:\/\/www.tv-constantia.ch\/index.php?rest_route=%2Fwp%2Fv2%2Fcomments&post=2020"}],"version-history":[{"count":4,"href":"https:\/\/www.tv-constantia.ch\/index.php?rest_route=\/wp\/v2\/posts\/2020\/revisions"}],"predecessor-version":[{"id":2138,"href":"https:\/\/www.tv-constantia.ch\/index.php?rest_route=\/wp\/v2\/posts\/2020\/revisions\/2138"}],"wp:attachment":[{"href":"https:\/\/www.tv-constantia.ch\/index.php?rest_route=%2Fwp%2Fv2%2Fmedia&parent=2020"}],"wp:term":[{"taxonomy":"category","embeddable":true,"href":"https:\/\/www.tv-constantia.ch\/index.php?rest_route=%2Fwp%2Fv2%2Fcategories&post=2020"},{"taxonomy":"post_tag","embeddable":true,"href":"https:\/\/www.tv-constantia.ch\/index.php?rest_route=%2Fwp%2Fv2%2Ftags&post=2020"}],"curies":[{"name":"wp","href":"https:\/\/api.w.org\/{rel}","templated":true}]}}