{"id":4094,"global_id":"www.tv-constantia.ch?id=4094","global_id_lineage":["www.tv-constantia.ch?id=4094"],"author":"9845","status":"publish","date":"2024-03-05 10:18:06","date_utc":"2024-03-05 08:18:06","modified":"2024-06-27 12:15:19","modified_utc":"2024-06-27 10:15:19","url":"https:\/\/www.tv-constantia.ch\/?tribe_events=eidgenoessisches-turnfest","rest_url":"https:\/\/www.tv-constantia.ch\/index.php?rest_route=\/tribe\/events\/v1\/events\/4094","title":"Eidgen\u00f6ssisches Turnfest","description":"<p>Vom 12. bis 22. Juni 2025 wird Lausanne im Rhythmus der Turnvorf\u00fchrungen und -wettk\u00e4mpfe pulsieren. Das 77. Eidgen\u00f6ssische Turnfest wird alle Facetten unserer Sportarten pr\u00e4sentieren. Eine einzigartige Gelegenheit f\u00fcr die Schweizer Turnerinnen und Turner und die Bev\u00f6lkerung, gemeinsam die Vielfalt des Turnsports in einem festlichen Rahmen im Geist des Respekts und der Inklusion zu feiern.<\/p>","excerpt":"","slug":"eidgenoessisches-turnfest","image":{"url":"https:\/\/www.tv-constantia.ch\/wp-content\/uploads\/Lausanne2025-Logo-B1-RGB.jpg","id":4101,"extension":"jpg","width":500,"height":335,"filesize":17841,"sizes":{"medium":{"width":300,"height":201,"mime-type":"image\/jpeg","filesize":11226,"url":"https:\/\/www.tv-constantia.ch\/wp-content\/uploads\/Lausanne2025-Logo-B1-RGB-300x201.jpg"},"thumbnail":{"width":150,"height":150,"mime-type":"image\/jpeg","filesize":5283,"url":"https:\/\/www.tv-constantia.ch\/wp-content\/uploads\/Lausanne2025-Logo-B1-RGB-150x150.jpg"},"th-shop":{"width":266,"height":266,"mime-type":"image\/jpeg","filesize":10966,"url":"https:\/\/www.tv-constantia.ch\/wp-content\/uploads\/Lausanne2025-Logo-B1-RGB-266x266.jpg"},"th-sidebar":{"width":70,"height":70,"mime-type":"image\/jpeg","filesize":2370,"url":"https:\/\/www.tv-constantia.ch\/wp-content\/uploads\/Lausanne2025-Logo-B1-RGB-70x70.jpg"},"latest-post":{"width":263,"height":177,"mime-type":"image\/jpeg","filesize":9276,"url":"https:\/\/www.tv-constantia.ch\/wp-content\/uploads\/Lausanne2025-Logo-B1-RGB-263x177.jpg"},"th-popular":{"width":150,"height":100,"mime-type":"image\/jpeg","filesize":4697,"url":"https:\/\/www.tv-constantia.ch\/wp-content\/uploads\/Lausanne2025-Logo-B1-RGB-150x100.jpg"},"post-thumbnail":{"width":50,"height":50,"mime-type":"image\/jpeg","filesize":1888,"url":"https:\/\/www.tv-constantia.ch\/wp-content\/uploads\/Lausanne2025-Logo-B1-RGB-50x50.jpg"},"woocommerce_thumbnail":{"width":300,"height":300,"mime-type":"image\/jpeg","filesize":12496,"uncropped":false,"url":"https:\/\/www.tv-constantia.ch\/wp-content\/uploads\/Lausanne2025-Logo-B1-RGB-300x300.jpg"},"woocommerce_gallery_thumbnail":{"width":100,"height":100,"mime-type":"image\/jpeg","filesize":3368,"url":"https:\/\/www.tv-constantia.ch\/wp-content\/uploads\/Lausanne2025-Logo-B1-RGB-100x100.jpg"}}},"all_day":false,"start_date":"2025-06-12 08:00:00","start_date_details":{"year":"2025","month":"06","day":"12","hour":"08","minutes":"00","seconds":"00"},"end_date":"2025-06-22 22:00:00","end_date_details":{"year":"2025","month":"06","day":"22","hour":"22","minutes":"00","seconds":"00"},"utc_start_date":"2025-06-12 05:00:00","utc_start_date_details":{"year":"2025","month":"06","day":"12","hour":"05","minutes":"00","seconds":"00"},"utc_end_date":"2025-06-22 19:00:00","utc_end_date_details":{"year":"2025","month":"06","day":"22","hour":"19","minutes":"00","seconds":"00"},"timezone":"UTC+2","timezone_abbr":"UTC+2","cost":"","cost_details":{"currency_symbol":"CHF","currency_code":"CHF","currency_position":"prefix","values":[]},"website":"","show_map":true,"show_map_link":true,"hide_from_listings":false,"sticky":false,"featured":false,"categories":[{"name":"Wettkampf Extern","slug":"wettkampf-extern","term_group":0,"term_taxonomy_id":128,"taxonomy":"tribe_events_cat","description":"","parent":0,"count":7,"filter":"raw","id":128,"urls":{"self":"https:\/\/www.tv-constantia.ch\/index.php?rest_route=\/tribe\/events\/v1\/categories\/128","collection":"https:\/\/www.tv-constantia.ch\/index.php?rest_route=\/tribe\/events\/v1\/categories"}}],"tags":[],"venue":{"id":4096,"author":"9845","status":"publish","date":"2024-03-05 10:20:52","date_utc":"2024-03-05 08:20:52","modified":"2024-03-05 11:03:11","modified_utc":"2024-03-05 09:03:11","url":"https:\/\/www.tv-constantia.ch\/?tribe_venue=etf-lausanne","venue":"Association FFG Lausanne","slug":"etf-lausanne","image":{"url":"https:\/\/www.tv-constantia.ch\/wp-content\/uploads\/Lausanne2025-Logo-B1-RGB.png","id":4098,"extension":"png","width":500,"height":335,"filesize":45105,"sizes":{"medium":{"width":300,"height":201,"mime-type":"image\/png","filesize":23484,"url":"https:\/\/www.tv-constantia.ch\/wp-content\/uploads\/Lausanne2025-Logo-B1-RGB-300x201.png"},"thumbnail":{"width":150,"height":150,"mime-type":"image\/png","filesize":10034,"url":"https:\/\/www.tv-constantia.ch\/wp-content\/uploads\/Lausanne2025-Logo-B1-RGB-150x150.png"},"th-shop":{"width":266,"height":266,"mime-type":"image\/png","filesize":25273,"url":"https:\/\/www.tv-constantia.ch\/wp-content\/uploads\/Lausanne2025-Logo-B1-RGB-266x266.png"},"th-sidebar":{"width":70,"height":70,"mime-type":"image\/png","filesize":3169,"url":"https:\/\/www.tv-constantia.ch\/wp-content\/uploads\/Lausanne2025-Logo-B1-RGB-70x70.png"},"latest-post":{"width":263,"height":177,"mime-type":"image\/png","filesize":19236,"url":"https:\/\/www.tv-constantia.ch\/wp-content\/uploads\/Lausanne2025-Logo-B1-RGB-263x177.png"},"th-popular":{"width":150,"height":100,"mime-type":"image\/png","filesize":7879,"url":"https:\/\/www.tv-constantia.ch\/wp-content\/uploads\/Lausanne2025-Logo-B1-RGB-150x100.png"},"post-thumbnail":{"width":50,"height":50,"mime-type":"image\/png","filesize":1624,"url":"https:\/\/www.tv-constantia.ch\/wp-content\/uploads\/Lausanne2025-Logo-B1-RGB-50x50.png"},"woocommerce_thumbnail":{"width":300,"height":300,"mime-type":"image\/png","filesize":30868,"uncropped":false,"url":"https:\/\/www.tv-constantia.ch\/wp-content\/uploads\/Lausanne2025-Logo-B1-RGB-300x300.png"},"woocommerce_gallery_thumbnail":{"width":100,"height":100,"mime-type":"image\/png","filesize":5386,"url":"https:\/\/www.tv-constantia.ch\/wp-content\/uploads\/Lausanne2025-Logo-B1-RGB-100x100.png"}}},"address":"Rue de Gen\u00e8ve 21","city":"Lausanne","country":"Schweiz","zip":"1003","website":"https:\/\/lausanne2025.ch\/de\/","json_ld":{"@type":"Place","name":"Association FFG Lausanne","description":"","image":"https:\/\/www.tv-constantia.ch\/wp-content\/uploads\/Lausanne2025-Logo-B1-RGB.png","url":"","address":{"@type":"PostalAddress","streetAddress":"Rue de Gen\u00e8ve 21","addressLocality":"Lausanne","postalCode":"1003","addressCountry":"Schweiz"},"telephone":"","sameAs":"https:\/\/lausanne2025.ch\/de\/"},"show_map":true,"show_map_link":true,"global_id":"www.tv-constantia.ch?id=4096","global_id_lineage":["www.tv-constantia.ch?id=4096"]},"organizer":[{"id":4112,"author":"9845","status":"publish","date":"2024-03-05 11:00:07","date_utc":"2024-03-05 09:00:07","modified":"2024-03-05 11:01:52","modified_utc":"2024-03-05 09:01:52","url":"https:\/\/www.tv-constantia.ch\/?tribe_organizer=association-ffg-lausanne-2025","organizer":"Association FFG Lausanne","slug":"association-ffg-lausanne-2025","website":"https:\/\/lausanne2025.ch\/de\/#","email":"info@lausanne2025.ch","json_ld":{"@type":"Person","name":"Association FFG Lausanne","description":"","url":"https:\/\/lausanne2025.ch\/de\/#","telephone":"","email":"&#105;n&#102;o&#64;&#108;&#97;&#117;&#115;&#97;n&#110;&#101;&#50;0&#50;5&#46;&#99;h","sameAs":"https:\/\/lausanne2025.ch\/de\/#"},"global_id":"www.tv-constantia.ch?id=4112","global_id_lineage":["www.tv-constantia.ch?id=4112"]}],"json_ld":{"@context":"http:\/\/schema.org","@type":"Event","name":"Eidgen\u00f6ssisches Turnfest","description":"&lt;p&gt;Vom 12. bis 22. Juni 2025 wird Lausanne im Rhythmus der Turnvorf\u00fchrungen und -wettk\u00e4mpfe pulsieren. Das 77. Eidgen\u00f6ssische Turnfest wird alle Facetten unserer Sportarten pr\u00e4sentieren. Eine einzigartige Gelegenheit f\u00fcr die Schweizer Turnerinnen und Turner und die Bev\u00f6lkerung, gemeinsam die Vielfalt des Turnsports in einem festlichen Rahmen im Geist des Respekts und der Inklusion zu feiern.&lt;\/p&gt;\\n","image":"https:\/\/www.tv-constantia.ch\/wp-content\/uploads\/Lausanne2025-Logo-B1-RGB.jpg","url":"https:\/\/www.tv-constantia.ch\/?tribe_events=eidgenoessisches-turnfest","eventAttendanceMode":"https:\/\/schema.org\/OfflineEventAttendanceMode","eventStatus":"https:\/\/schema.org\/EventScheduled","startDate":"2025-06-12T08:00:00+02:00","endDate":"2025-06-22T22:00:00+02:00","location":{"@type":"Place","name":"Association FFG Lausanne","description":"","image":"https:\/\/www.tv-constantia.ch\/wp-content\/uploads\/Lausanne2025-Logo-B1-RGB.png","url":"","address":{"@type":"PostalAddress","streetAddress":"Rue de Gen\u00e8ve 21","addressLocality":"Lausanne","postalCode":"1003","addressCountry":"Schweiz"},"telephone":"","sameAs":"https:\/\/lausanne2025.ch\/de\/"},"organizer":{"@type":"Person","name":"Association FFG Lausanne","description":"","url":"https:\/\/lausanne2025.ch\/de\/#","telephone":"","email":"i&#110;&#102;o&#64;l&#97;usa&#110;ne&#50;&#48;2&#53;.&#99;&#104;","sameAs":"https:\/\/lausanne2025.ch\/de\/#"},"performer":"Organization"}}